{"id":279,"date":"2018-11-17T15:28:27","date_gmt":"2018-11-17T14:28:27","guid":{"rendered":"http:\/\/knneuro.fuw.edu.pl\/?p=279"},"modified":"2025-06-03T14:47:24","modified_gmt":"2025-06-03T12:47:24","slug":"mozg-spoleczny-a-schizofrenia-dr-hab-lukasz-okruszek","status":"publish","type":"post","link":"https:\/\/knneuro.fuw.edu.pl\/index.php\/2018\/11\/mozg-spoleczny-a-schizofrenia-dr-hab-lukasz-okruszek\/","title":{"rendered":"<strong>M\u00f3zg spo\u0142eczny a schizofrenia \u2013 dr hab. \u0141ukasz Okruszek<\/strong>"},"content":{"rendered":"\n<p>Naszym pierwszym go\u015bciem b\u0119dzie dr hab. \u0141ukasz Okruszek (Wydzia\u0142 Psychologii Uniwersytetu Warszawskiego, Instytut Psychologii PAN), kt\u00f3rego dzia\u0142alno\u015b\u0107 badawcza skoncentrowana jest na zagadnieniach <span class=\"has-inline-color has-luminous-vivid-orange-color\">poznania spo\u0142ecznego<\/span> i <span class=\"has-inline-color has-luminous-vivid-orange-color\">schizofrenii<\/span>.<\/p>\n\n\n\n<p class=\"has-text-align-center\"><a href=\"https:\/\/www.facebook.com\/events\/557771851351786\" data-type=\"URL\" data-id=\"https:\/\/www.facebook.com\/events\/557771851351786\" target=\"_blank\" rel=\"noreferrer noopener\"><strong>Kliknij aby zobaczy\u0107 <span class=\"has-inline-color has-luminous-vivid-orange-color\">wydarzenie<\/span>!<\/strong><\/a><\/p>\n\n\n\n<figure class=\"wp-block-gallery columns-1 is-cropped wp-block-gallery-1 is-layout-flex wp-block-gallery-is-layout-flex\"><ul class=\"blocks-gallery-grid\"><li class=\"blocks-gallery-item\"><figure><img loading=\"lazy\" decoding=\"async\" width=\"724\" height=\"1024\" src=\"https:\/\/knneuro.fuw.edu.pl\/wp-content\/uploads\/2021\/03\/plakat-spotkanie-okruszek.png-1-724x1024.png\" alt=\"\" data-id=\"280\" data-full-url=\"https:\/\/knneuro.fuw.edu.pl\/wp-content\/uploads\/2021\/03\/plakat-spotkanie-okruszek.png-1.png\" data-link=\"https:\/\/knneuro.fuw.edu.pl\/?attachment_id=280\" class=\"wp-image-280\" srcset=\"https:\/\/knneuro.fuw.edu.pl\/wp-content\/uploads\/2021\/03\/plakat-spotkanie-okruszek.png-1-724x1024.png 724w, https:\/\/knneuro.fuw.edu.pl\/wp-content\/uploads\/2021\/03\/plakat-spotkanie-okruszek.png-1-212x300.png 212w, https:\/\/knneuro.fuw.edu.pl\/wp-content\/uploads\/2021\/03\/plakat-spotkanie-okruszek.png-1-768x1086.png 768w, https:\/\/knneuro.fuw.edu.pl\/wp-content\/uploads\/2021\/03\/plakat-spotkanie-okruszek.png-1-1086x1536.png 1086w, https:\/\/knneuro.fuw.edu.pl\/wp-content\/uploads\/2021\/03\/plakat-spotkanie-okruszek.png-1-1448x2048.png 1448w, https:\/\/knneuro.fuw.edu.pl\/wp-content\/uploads\/2021\/03\/plakat-spotkanie-okruszek.png-1.png 1754w\" sizes=\"auto, (max-width: 724px) 100vw, 724px\" \/><\/figure><\/li><\/ul><\/figure>\n","protected":false},"excerpt":{"rendered":"<p>Naszym pierwszym go\u015bciem b\u0119dzie dr hab. \u0141ukasz Okruszek (Wydzia\u0142 Psychologii Uniwersytetu Warszawskiego, Instytut Psychologii PAN), kt\u00f3rego dzia\u0142alno\u015b\u0107 badawcza skoncentrowana jest na zagadnieniach poznania spo\u0142ecznego i schizofrenii. Kliknij aby zobaczy\u0107 wydarzenie!<\/p>\n","protected":false},"author":1,"featured_media":298,"comment_status":"closed","ping_status":"closed","sticky":false,"template":"","format":"standard","meta":{"footnotes":""},"categories":[4],"tags":[20,21],"class_list":["post-279","post","type-post","status-publish","format-standard","has-post-thumbnail","hentry","category-wyklad","tag-mozg-spoleczny","tag-schizofrenia"],"_links":{"self":[{"href":"https:\/\/knneuro.fuw.edu.pl\/index.php\/wp-json\/wp\/v2\/posts\/279","targetHints":{"allow":["GET"]}}],"collection":[{"href":"https:\/\/knneuro.fuw.edu.pl\/index.php\/wp-json\/wp\/v2\/posts"}],"about":[{"href":"https:\/\/knneuro.fuw.edu.pl\/index.php\/wp-json\/wp\/v2\/types\/post"}],"author":[{"embeddable":true,"href":"https:\/\/knneuro.fuw.edu.pl\/index.php\/wp-json\/wp\/v2\/users\/1"}],"replies":[{"embeddable":true,"href":"https:\/\/knneuro.fuw.edu.pl\/index.php\/wp-json\/wp\/v2\/comments?post=279"}],"version-history":[{"count":13,"href":"https:\/\/knneuro.fuw.edu.pl\/index.php\/wp-json\/wp\/v2\/posts\/279\/revisions"}],"predecessor-version":[{"id":468,"href":"https:\/\/knneuro.fuw.edu.pl\/index.php\/wp-json\/wp\/v2\/posts\/279\/revisions\/468"}],"wp:featuredmedia":[{"embeddable":true,"href":"https:\/\/knneuro.fuw.edu.pl\/index.php\/wp-json\/wp\/v2\/media\/298"}],"wp:attachment":[{"href":"https:\/\/knneuro.fuw.edu.pl\/index.php\/wp-json\/wp\/v2\/media?parent=279"}],"wp:term":[{"taxonomy":"category","embeddable":true,"href":"https:\/\/knneuro.fuw.edu.pl\/index.php\/wp-json\/wp\/v2\/categories?post=279"},{"taxonomy":"post_tag","embeddable":true,"href":"https:\/\/knneuro.fuw.edu.pl\/index.php\/wp-json\/wp\/v2\/tags?post=279"}],"curies":[{"name":"wp","href":"https:\/\/api.w.org\/{rel}","templated":true}]}}