{"id":304,"date":"2019-03-19T17:17:05","date_gmt":"2019-03-19T16:17:05","guid":{"rendered":"http:\/\/knneuro.fuw.edu.pl\/?p=304"},"modified":"2025-06-03T14:47:23","modified_gmt":"2025-06-03T12:47:23","slug":"czy-wspolczesna-terapia-zmienila-schizofrenie-prof-masiak","status":"publish","type":"post","link":"https:\/\/knneuro.fuw.edu.pl\/index.php\/2019\/03\/czy-wspolczesna-terapia-zmienila-schizofrenie-prof-masiak\/","title":{"rendered":"<strong>Czy wsp\u00f3\u0142czesna terapia zmieni\u0142a schizofreni\u0119? \u2014 prof. Masiak <\/strong>"},"content":{"rendered":"\n<p>Naszym go\u015bciem b\u0119dzie prof. dr hab. Marek Masiak \u2013 specjalista <span class=\"has-inline-color has-luminous-vivid-orange-color\">psychiatra<\/span>, certyfikowany <span class=\"has-inline-color has-luminous-vivid-orange-color\">psychoterapeuta<\/span> i <span class=\"has-inline-color has-luminous-vivid-orange-color\">superwizor psychoterapii<\/span>. By\u0142 kierownikiem Katedry i Kliniki Psychiatrii Akademii Medycznej w Lublinie, obecnie Uniwersytetu Medycznego w Lublinie, konsultantem wojew\u00f3dzkim ds. psychiatrii i przewodnicz\u0105cym Rady Spo\u0142ecznej ds. Zdrowia Psychicznego przy Marsza\u0142ku Wojew\u00f3dztwa Lubelskiego. Pe\u0142ni funkcje w towarzystwach naukowych i redakcjach czasopism naukowych.<\/p>\n\n\n\n<p class=\"has-text-align-center\"><strong><a href=\"https:\/\/www.facebook.com\/events\/2287056794903529\" data-type=\"URL\" data-id=\"https:\/\/www.facebook.com\/events\/2287056794903529\" target=\"_blank\" rel=\"noreferrer noopener\">Kliknij aby zobaczy\u0107&nbsp;<span class=\"has-inline-color has-luminous-vivid-orange-color\">wydarzenie<\/span>!<\/a><\/strong><\/p>\n\n\n\n<p class=\"has-text-align-center\"><strong><a href=\"https:\/\/www.facebook.com\/2260032830900734\/videos\/407722133378872\" target=\"_blank\" rel=\"noreferrer noopener\">Kliknij aby wys\u0142ucha\u0107\u00a0<span class=\"has-inline-color has-luminous-vivid-orange-color\">wyk\u0142adu<\/span>!<\/a><\/strong><\/p>\n\n\n\n<p>Poni\u017cej przedstawiamy abstrakt wyst\u0105pienia:<\/p>\n\n\n\n<p>&#8222;Min\u0119\u0142o znacznie ponad 100 lat od sformu\u0142owania i opisu klicznego schizofrenii dokonanego przez niemieckiego psychiatr\u0119 Emila Kraepelina, kt\u00f3ry nazwa\u0142 j\u0105 w\u00f3wczas dementia praecox (ot\u0119pienie wczesne) i zdefiniowa\u0142 nast\u0119puj\u0105co: \u201eProces, w kt\u00f3rym ma miejsce co\u015b, co jest nieodwracalne, a tym samym nieuleczalne, co jest zespo\u0142em objaw\u00f3w \u017cycia psychicznego chorych i co prowadzi do ot\u0119pienia\u201d. Koncepcja ta kontynuowana przez wielu klinicyst\u00f3w traktuje schizofreni\u0119 jak jednostk\u0119 chorobow\u0105 w miar\u0119 jednorodn\u0105, kt\u00f3rej spo\u015br\u00f3d r\u00f3\u017cnych objaw\u00f3w klinicznych mo\u017cna wyr\u00f3\u017cni\u0107 objaw naczelny, typowy dla tej choroby (np. autyzm wed\u0142ug profesora Minkowskiego). Nast\u0119pnie rozpocz\u0105\u0142 si\u0119 drugi etap b\u0119d\u0105cy rewizj\u0105 tej koncepcji dokonan\u0105 przez szwajcarskiego psychiatr\u0119 E. Bleulera, kt\u00f3ry wprowadzi\u0142 nazw\u0119 schizofrenia i kt\u00f3ry istot\u0119 jej widzia\u0142 w rozpadzie spoisto\u015bci \u017cycia psychicznego (st\u0105d nazwa schizofrenia).<\/p>\n\n\n\n<p>Powsta\u0142y te\u017c liczne koncepcje zr\u00f3\u017cnicowania klinicznego schizofrenii, a wi\u0119c grupy chor\u00f3b nazywanych schizofreni\u0105. Spo\u015br\u00f3d wsp\u00f3\u0142czesnych badaczy schizofrenii chcia\u0142bym wymieni\u0107 tutaj profesora Jana Mazurkiewicza, rektora Uniwersytetu Warszawskiego w okresie mi\u0119dzywojennym, kt\u00f3ry wprawdzie zmar\u0142 nied\u0142ugo po wojnie, ale kt\u00f3rego prace nad schizofreni\u0105 mia\u0142y charakter wizjonerski, wyprzedzaj\u0105cy jego epok\u0119, ukazuj\u0105cy mi\u0119dzy innymi continuum fenomen\u00f3w psychicznych zdrowia i choroby oraz psychofizjologiczn\u0105 koncepcj\u0119 \u017cycia psychicznego i schizofrenii.<\/p>\n\n\n\n<p>Chcia\u0142bym te\u017c podkre\u015bli\u0107 wag\u0119 prac nad schizofreni\u0105 wsp\u00f3\u0142czesnej ameryka\u0144skiej psychiatry profesor Nancy Andreasen, kt\u00f3ra podobnie jak kiedy\u015b profesor Mazurkiewicz, wprowadzi\u0142a do interpretacji klinicznych objaw\u00f3w schizofrenii aktualne zdobycze neuronauki i genetyki. Pisa\u0142a ona mi\u0119dzy innymi: \u201ewbrew temu, co s\u0105dz\u0105 ludzie psychiatrzy nie mog\u0105 czyta\u0107 w umys\u0142ach, ale dzi\u0119ki narz\u0119dziom u\u017cywanym do neuroobrazowania mog\u0105 bada\u0107 jak to si\u0119 dzieje, \u017ce ludzie my\u015bl\u0105 i czuj\u0105. Badanie m\u00f3zgu powinno pozostawa\u0107 w \u015bcis\u0142ym zwi\u0105zku z badaniami genomu.\u201d<\/p>\n\n\n\n<p>Ja w moich badaniach zajmowa\u0142em si\u0119 m.in. farmakoterapi\u0105 schizofrenii i rol\u0105, jak\u0105 badania lek\u00f3w u\u017cywanych w leczeniu schizofrenii pomog\u0105 nam w rozumieniu zmian zachodz\u0105cych w m\u00f3zgu w czasie choroby. Przedstawi\u0142em tak\u017ce wymiarowy model symptomatologii schizofrenii. Aktualne definicje dotycz\u0105ce obrazu klinicznego schizofrenii formu\u0142uj\u0105 dwa mi\u0119dzynarodowe systemy diagnostyczne tj ICD 10 i DSM 5. W trakcie wyk\u0142adu b\u0119d\u0105 one szerzej przedstawione.&#8221;<\/p>\n\n\n\n<figure class=\"wp-block-gallery columns-1 is-cropped wp-block-gallery-1 is-layout-flex wp-block-gallery-is-layout-flex\"><ul class=\"blocks-gallery-grid\"><li class=\"blocks-gallery-item\"><figure><img loading=\"lazy\" decoding=\"async\" width=\"1024\" height=\"536\" src=\"https:\/\/knneuro.fuw.edu.pl\/wp-content\/uploads\/2021\/03\/plakat-Masiak-1024x536.jpg\" alt=\"\" data-id=\"344\" data-full-url=\"https:\/\/knneuro.fuw.edu.pl\/wp-content\/uploads\/2021\/03\/plakat-Masiak.jpg\" data-link=\"https:\/\/knneuro.fuw.edu.pl\/index.php\/2021\/03\/czy-wspolczesna-terapia-zmienila-schizofrenie-prof-masiak\/plakat-masiak\/\" class=\"wp-image-344\" srcset=\"https:\/\/knneuro.fuw.edu.pl\/wp-content\/uploads\/2021\/03\/plakat-Masiak-1024x536.jpg 1024w, https:\/\/knneuro.fuw.edu.pl\/wp-content\/uploads\/2021\/03\/plakat-Masiak-300x157.jpg 300w, https:\/\/knneuro.fuw.edu.pl\/wp-content\/uploads\/2021\/03\/plakat-Masiak-768x402.jpg 768w, https:\/\/knneuro.fuw.edu.pl\/wp-content\/uploads\/2021\/03\/plakat-Masiak.jpg 1200w\" sizes=\"auto, (max-width: 706px) 89vw, (max-width: 767px) 82vw, 740px\" \/><\/figure><\/li><\/ul><\/figure>\n","protected":false},"excerpt":{"rendered":"<p>Naszym go\u015bciem b\u0119dzie prof. dr hab. Marek Masiak \u2013 specjalista psychiatra, certyfikowany psychoterapeuta i superwizor psychoterapii. By\u0142 kierownikiem Katedry i Kliniki Psychiatrii Akademii Medycznej w Lublinie, obecnie Uniwersytetu Medycznego w Lublinie, konsultantem wojew\u00f3dzkim ds. psychiatrii i przewodnicz\u0105cym Rady Spo\u0142ecznej ds. Zdrowia Psychicznego przy Marsza\u0142ku Wojew\u00f3dztwa Lubelskiego. Pe\u0142ni funkcje w towarzystwach naukowych i redakcjach czasopism naukowych. &hellip; <\/p>\n<p class=\"link-more\"><a href=\"https:\/\/knneuro.fuw.edu.pl\/index.php\/2019\/03\/czy-wspolczesna-terapia-zmienila-schizofrenie-prof-masiak\/\" class=\"more-link\">Czytaj dalej<span class=\"screen-reader-text\"> \u201e<strong>Czy wsp\u00f3\u0142czesna terapia zmieni\u0142a schizofreni\u0119? \u2014 prof. Masiak <\/strong>\u201d<\/span><\/a><\/p>\n","protected":false},"author":1,"featured_media":354,"comment_status":"closed","ping_status":"closed","sticky":false,"template":"","format":"standard","meta":{"footnotes":""},"categories":[4],"tags":[],"class_list":["post-304","post","type-post","status-publish","format-standard","has-post-thumbnail","hentry","category-wyklad"],"_links":{"self":[{"href":"https:\/\/knneuro.fuw.edu.pl\/index.php\/wp-json\/wp\/v2\/posts\/304","targetHints":{"allow":["GET"]}}],"collection":[{"href":"https:\/\/knneuro.fuw.edu.pl\/index.php\/wp-json\/wp\/v2\/posts"}],"about":[{"href":"https:\/\/knneuro.fuw.edu.pl\/index.php\/wp-json\/wp\/v2\/types\/post"}],"author":[{"embeddable":true,"href":"https:\/\/knneuro.fuw.edu.pl\/index.php\/wp-json\/wp\/v2\/users\/1"}],"replies":[{"embeddable":true,"href":"https:\/\/knneuro.fuw.edu.pl\/index.php\/wp-json\/wp\/v2\/comments?post=304"}],"version-history":[{"count":7,"href":"https:\/\/knneuro.fuw.edu.pl\/index.php\/wp-json\/wp\/v2\/posts\/304\/revisions"}],"predecessor-version":[{"id":495,"href":"https:\/\/knneuro.fuw.edu.pl\/index.php\/wp-json\/wp\/v2\/posts\/304\/revisions\/495"}],"wp:featuredmedia":[{"embeddable":true,"href":"https:\/\/knneuro.fuw.edu.pl\/index.php\/wp-json\/wp\/v2\/media\/354"}],"wp:attachment":[{"href":"https:\/\/knneuro.fuw.edu.pl\/index.php\/wp-json\/wp\/v2\/media?parent=304"}],"wp:term":[{"taxonomy":"category","embeddable":true,"href":"https:\/\/knneuro.fuw.edu.pl\/index.php\/wp-json\/wp\/v2\/categories?post=304"},{"taxonomy":"post_tag","embeddable":true,"href":"https:\/\/knneuro.fuw.edu.pl\/index.php\/wp-json\/wp\/v2\/tags?post=304"}],"curies":[{"name":"wp","href":"https:\/\/api.w.org\/{rel}","templated":true}]}}