{"id":306,"date":"2019-06-04T17:19:13","date_gmt":"2019-06-04T15:19:13","guid":{"rendered":"http:\/\/knneuro.fuw.edu.pl\/?p=306"},"modified":"2025-06-03T14:47:22","modified_gmt":"2025-06-03T12:47:22","slug":"emocje-ukryte-w-slowach-dr-hab-kamil-imbir","status":"publish","type":"post","link":"https:\/\/knneuro.fuw.edu.pl\/index.php\/2019\/06\/emocje-ukryte-w-slowach-dr-hab-kamil-imbir\/","title":{"rendered":"<strong>Emocje ukryte w s\u0142owach \u2013 dr hab. Kamil Imbir<\/strong>"},"content":{"rendered":"\n<p>Naszym go\u015bciem b\u0119dzie dr hab. Kamil Imbir &#8211; psycholog, naukowiec, wyk\u0142adowca. Adiunkt w Katedrze Psychologii Osobowo\u015bci. Na codzie\u0144 zg\u0142\u0119biaj\u0105cy zagadnienia psychologii emocji i motywacji, refleksyjnych \u017ar\u00f3de\u0142 proces\u00f3w emocjonalnych, neurobiologii oraz metod neuroobrazowania.<\/p>\n\n\n\n<p class=\"has-text-align-center\"><strong><a href=\"https:\/\/www.facebook.com\/events\/429489581118987\" data-type=\"URL\" data-id=\"https:\/\/www.facebook.com\/events\/429489581118987\" target=\"_blank\" rel=\"noreferrer noopener\">Kliknij aby zobaczy\u0107&nbsp;<span class=\"has-inline-color has-luminous-vivid-orange-color\">wydarzenie<\/span>!<\/a><\/strong><\/p>\n\n\n\n<p class=\"has-text-align-center\"><strong><a rel=\"noreferrer noopener\" href=\"https:\/\/www.facebook.com\/2260032830900734\/videos\/2130303367268300\" target=\"_blank\">Kliknij aby wys\u0142ucha\u0107\u00a0<span class=\"has-inline-color has-luminous-vivid-orange-color\">wyk\u0142adu!<\/span><\/a><\/strong><\/p>\n\n\n\n<p>Poni\u017cej przedstawiamy abstrakt wyst\u0105pienia:<\/p>\n\n\n\n<p>S\u0142owa s\u0142u\u017c\u0105 wyra\u017caniu wszystkich dost\u0119pnych nam my\u015bli, opisuj\u0105 r\u00f3wnie\u017c \u015bwiat wok\u00f3\u0142 nas. Nie ma praktycznie jednak s\u0142\u00f3w neutralnych, ka\u017cde z nich ma jakie\u015b konotacje afektywne. Konotacje te mo\u017cemy rozpatrywa\u0107 na kilku wymiarach, takich jak znak (s\u0142owa przyjemne lub nieprzyjemne), z\u0142o\u017cono\u015b\u0107 emocji z nim zwi\u0105zanej (prosta lub z\u0142o\u017cona), \u0142adunek pobudzenia (s\u0142owa uspokajaj\u0105ce lub pobudzaj\u0105ce) oraz subiektywnej wa\u017cno\u015bci do\u015bwiadcze\u0144 emocjonalnych (do\u015bwiadczenia niewa\u017cne lub istotne). W badaniach o kt\u00f3rych opowiem skupili\u015bmy si\u0119 na sprawdzeniu tego w jaki spos\u00f3b czynniki te wp\u0142ywaj\u0105 na spos\u00f3b przetwarzania s\u0142\u00f3w oraz wykonywania zada\u0144 poznawczych, po\u015brednio zwi\u0105zanych ze s\u0142owami. Wykorzystywali\u015bmy technik\u0119 EEG oraz standardowe paradygmaty psychologiczne takie jak decyzje leksykalne, decyzje emocjonalne, test Stroopa, czy zadania wymagaj\u0105ce interpretacji obiekt\u00f3w wieloznacznych. Dzi\u0119ki temu uda\u0142o nam si\u0119 uchwyci\u0107 emocjonalne mechanizmy, kt\u00f3re reguluj\u0105 przetwarzanie s\u0142\u00f3w.<\/p>\n\n\n\n<figure class=\"wp-block-gallery columns-1 is-cropped wp-block-gallery-1 is-layout-flex wp-block-gallery-is-layout-flex\"><ul class=\"blocks-gallery-grid\"><li class=\"blocks-gallery-item\"><figure><img loading=\"lazy\" decoding=\"async\" width=\"724\" height=\"1024\" src=\"https:\/\/knneuro.fuw.edu.pl\/wp-content\/uploads\/2021\/03\/plakat-slowa.png-1-724x1024.png\" alt=\"\" data-id=\"307\" data-full-url=\"https:\/\/knneuro.fuw.edu.pl\/wp-content\/uploads\/2021\/03\/plakat-slowa.png-1.png\" data-link=\"https:\/\/knneuro.fuw.edu.pl\/?attachment_id=307\" class=\"wp-image-307\" srcset=\"https:\/\/knneuro.fuw.edu.pl\/wp-content\/uploads\/2021\/03\/plakat-slowa.png-1-724x1024.png 724w, https:\/\/knneuro.fuw.edu.pl\/wp-content\/uploads\/2021\/03\/plakat-slowa.png-1-212x300.png 212w, https:\/\/knneuro.fuw.edu.pl\/wp-content\/uploads\/2021\/03\/plakat-slowa.png-1-768x1086.png 768w, https:\/\/knneuro.fuw.edu.pl\/wp-content\/uploads\/2021\/03\/plakat-slowa.png-1-1086x1536.png 1086w, https:\/\/knneuro.fuw.edu.pl\/wp-content\/uploads\/2021\/03\/plakat-slowa.png-1-1448x2048.png 1448w, https:\/\/knneuro.fuw.edu.pl\/wp-content\/uploads\/2021\/03\/plakat-slowa.png-1.png 1754w\" sizes=\"auto, (max-width: 724px) 100vw, 724px\" \/><\/figure><\/li><\/ul><\/figure>\n","protected":false},"excerpt":{"rendered":"<p>Naszym go\u015bciem b\u0119dzie dr hab. Kamil Imbir &#8211; psycholog, naukowiec, wyk\u0142adowca. Adiunkt w Katedrze Psychologii Osobowo\u015bci. Na codzie\u0144 zg\u0142\u0119biaj\u0105cy zagadnienia psychologii emocji i motywacji, refleksyjnych \u017ar\u00f3de\u0142 proces\u00f3w emocjonalnych, neurobiologii oraz metod neuroobrazowania. Kliknij aby zobaczy\u0107&nbsp;wydarzenie! Kliknij aby wys\u0142ucha\u0107\u00a0wyk\u0142adu! Poni\u017cej przedstawiamy abstrakt wyst\u0105pienia: S\u0142owa s\u0142u\u017c\u0105 wyra\u017caniu wszystkich dost\u0119pnych nam my\u015bli, opisuj\u0105 r\u00f3wnie\u017c \u015bwiat wok\u00f3\u0142 nas. Nie &hellip; <\/p>\n<p class=\"link-more\"><a href=\"https:\/\/knneuro.fuw.edu.pl\/index.php\/2019\/06\/emocje-ukryte-w-slowach-dr-hab-kamil-imbir\/\" class=\"more-link\">Czytaj dalej<span class=\"screen-reader-text\"> \u201e<strong>Emocje ukryte w s\u0142owach \u2013 dr hab. Kamil Imbir<\/strong>\u201d<\/span><\/a><\/p>\n","protected":false},"author":1,"featured_media":308,"comment_status":"closed","ping_status":"closed","sticky":false,"template":"","format":"standard","meta":{"footnotes":""},"categories":[4],"tags":[],"class_list":["post-306","post","type-post","status-publish","format-standard","has-post-thumbnail","hentry","category-wyklad"],"_links":{"self":[{"href":"https:\/\/knneuro.fuw.edu.pl\/index.php\/wp-json\/wp\/v2\/posts\/306","targetHints":{"allow":["GET"]}}],"collection":[{"href":"https:\/\/knneuro.fuw.edu.pl\/index.php\/wp-json\/wp\/v2\/posts"}],"about":[{"href":"https:\/\/knneuro.fuw.edu.pl\/index.php\/wp-json\/wp\/v2\/types\/post"}],"author":[{"embeddable":true,"href":"https:\/\/knneuro.fuw.edu.pl\/index.php\/wp-json\/wp\/v2\/users\/1"}],"replies":[{"embeddable":true,"href":"https:\/\/knneuro.fuw.edu.pl\/index.php\/wp-json\/wp\/v2\/comments?post=306"}],"version-history":[{"count":7,"href":"https:\/\/knneuro.fuw.edu.pl\/index.php\/wp-json\/wp\/v2\/posts\/306\/revisions"}],"predecessor-version":[{"id":499,"href":"https:\/\/knneuro.fuw.edu.pl\/index.php\/wp-json\/wp\/v2\/posts\/306\/revisions\/499"}],"wp:featuredmedia":[{"embeddable":true,"href":"https:\/\/knneuro.fuw.edu.pl\/index.php\/wp-json\/wp\/v2\/media\/308"}],"wp:attachment":[{"href":"https:\/\/knneuro.fuw.edu.pl\/index.php\/wp-json\/wp\/v2\/media?parent=306"}],"wp:term":[{"taxonomy":"category","embeddable":true,"href":"https:\/\/knneuro.fuw.edu.pl\/index.php\/wp-json\/wp\/v2\/categories?post=306"},{"taxonomy":"post_tag","embeddable":true,"href":"https:\/\/knneuro.fuw.edu.pl\/index.php\/wp-json\/wp\/v2\/tags?post=306"}],"curies":[{"name":"wp","href":"https:\/\/api.w.org\/{rel}","templated":true}]}}