{"id":601,"date":"2024-11-19T18:00:00","date_gmt":"2024-11-19T17:00:00","guid":{"rendered":"https:\/\/knneuro.fuw.edu.pl\/?p=601"},"modified":"2025-06-03T14:47:13","modified_gmt":"2025-06-03T12:47:13","slug":"patologia-czy-norma-co-ml-widzi-w-eeg-wyklad-inauguracyjny-kola-naukowego-neuroinformatyki","status":"publish","type":"post","link":"https:\/\/knneuro.fuw.edu.pl\/index.php\/2024\/11\/patologia-czy-norma-co-ml-widzi-w-eeg-wyklad-inauguracyjny-kola-naukowego-neuroinformatyki\/","title":{"rendered":"<strong>Patologia czy norma? Co ML widzi w EEG? &#8211; wyk\u0142ad inauguracyjny Ko\u0142a Naukowego Neuroinformatyki<\/strong>"},"content":{"rendered":"\n<p>Zapraszamy na Spotkanie Inauguracyjne KN Neuroinformatyki, szczeg\u00f3lnie mile widziane s\u0105 osoby, kt\u00f3re chc\u0105 do\u0142\u0105czy\u0107 do nas jako nowi cz\u0142onkowie.<br>Zaczniemy <mark style=\"background-color:rgba(0, 0, 0, 0)\" class=\"has-inline-color has-luminous-vivid-orange-color\">o 18:00 w czwartek 28.11.2024<\/mark> od wyk\u0142adu dr hab. Jaros\u0142awa \u017bygierewicza, prof. ucz. pt. <mark style=\"background-color:rgba(0, 0, 0, 0)\" class=\"has-inline-color has-luminous-vivid-orange-color\">,,Patologia czy norma? Co ML widzi w EEG?&#8221; w sali 1.40<\/mark>.<\/p>\n\n\n\n<p><mark style=\"background-color:rgba(0, 0, 0, 0)\" class=\"has-inline-color has-luminous-vivid-orange-color\">Dr. hab. Jaros\u0142aw \u017bygierewicz<\/mark>, profesor nadzwyczajny w Zak\u0142adzie Fizyki Biomedycznej na Wydziale Fizyki Uniwersytetu Warszawskiego. Jego zainteresowania badawcze dotycz\u0105 analizy czasowo-cz\u0119stotliwo\u015bciowej sygna\u0142\u00f3w EEG i MEG, w szczeg\u00f3lno\u015bci zmian mocy tych sygna\u0142\u00f3w zwi\u0105zanych ze zdarzeniami wywo\u0142anymi. Opracowa\u0142 metodologi\u0119 statystycznej analizy synchronizacji i desynchronizacji zwi\u0105zanej ze zdarzeniami wywo\u0142anymi w EEG i MEG. Jest zaanga\u017cowany w projektowanie interfejs\u00f3w m\u00f3zg-komputer, walidacj\u0119 psychologicznych modeli emocji i pami\u0119ci roboczej. Jego badania obejmuj\u0105 r\u00f3wnie\u017c realistyczne modele sieci neuronalnych, kt\u00f3re zapewniaj\u0105 wgl\u0105d w mechanizmy le\u017c\u0105ce u podstaw efekt\u00f3w obserwowanych w sygna\u0142ach EEG i MEG.<\/p>\n\n\n\n<p class=\"has-text-align-center\"><strong><a href=\"https:\/\/fb.me\/e\/59yy9fn7J\" data-type=\"link\" data-id=\"https:\/\/fb.me\/e\/59yy9fn7J\" target=\"_blank\" rel=\"noreferrer noopener\">Kliknij aby zobaczy\u0107\u00a0<mark style=\"background-color:rgba(0, 0, 0, 0)\" class=\"has-inline-color has-luminous-vivid-orange-color\">wydarzenie<\/mark>!<\/a><\/strong><\/p>\n\n\n\n<p>Po wyk\u0142adzie opowiemy o naszym kole, co uda\u0142o nam si\u0119 zrobi\u0107 w poprzednim roku akademickim, jakie s\u0105 plany na ten rok i jak mo\u017cna si\u0119 zaanga\u017cowa\u0107 w dzia\u0142alno\u015b\u0107 ko\u0142a.<\/p>\n","protected":false},"excerpt":{"rendered":"<p>Zapraszamy na Spotkanie Inauguracyjne KN Neuroinformatyki, szczeg\u00f3lnie mile widziane s\u0105 osoby, kt\u00f3re chc\u0105 do\u0142\u0105czy\u0107 do nas jako nowi cz\u0142onkowie.Zaczniemy o 18:00 w czwartek 28.11.2024 od wyk\u0142adu dr hab. Jaros\u0142awa \u017bygierewicza, prof. ucz. pt. ,,Patologia czy norma? Co ML widzi w EEG?&#8221; w sali 1.40. Dr. hab. Jaros\u0142aw \u017bygierewicz, profesor nadzwyczajny w Zak\u0142adzie Fizyki Biomedycznej na &hellip; <\/p>\n<p class=\"link-more\"><a href=\"https:\/\/knneuro.fuw.edu.pl\/index.php\/2024\/11\/patologia-czy-norma-co-ml-widzi-w-eeg-wyklad-inauguracyjny-kola-naukowego-neuroinformatyki\/\" class=\"more-link\">Czytaj dalej<span class=\"screen-reader-text\"> \u201e<strong>Patologia czy norma? Co ML widzi w EEG? &#8211; wyk\u0142ad inauguracyjny Ko\u0142a Naukowego Neuroinformatyki<\/strong>\u201d<\/span><\/a><\/p>\n","protected":false},"author":1,"featured_media":611,"comment_status":"closed","ping_status":"open","sticky":false,"template":"","format":"standard","meta":{"footnotes":""},"categories":[1,4],"tags":[],"class_list":["post-601","post","type-post","status-publish","format-standard","has-post-thumbnail","hentry","category-bez-kategorii","category-wyklad"],"_links":{"self":[{"href":"https:\/\/knneuro.fuw.edu.pl\/index.php\/wp-json\/wp\/v2\/posts\/601","targetHints":{"allow":["GET"]}}],"collection":[{"href":"https:\/\/knneuro.fuw.edu.pl\/index.php\/wp-json\/wp\/v2\/posts"}],"about":[{"href":"https:\/\/knneuro.fuw.edu.pl\/index.php\/wp-json\/wp\/v2\/types\/post"}],"author":[{"embeddable":true,"href":"https:\/\/knneuro.fuw.edu.pl\/index.php\/wp-json\/wp\/v2\/users\/1"}],"replies":[{"embeddable":true,"href":"https:\/\/knneuro.fuw.edu.pl\/index.php\/wp-json\/wp\/v2\/comments?post=601"}],"version-history":[{"count":2,"href":"https:\/\/knneuro.fuw.edu.pl\/index.php\/wp-json\/wp\/v2\/posts\/601\/revisions"}],"predecessor-version":[{"id":610,"href":"https:\/\/knneuro.fuw.edu.pl\/index.php\/wp-json\/wp\/v2\/posts\/601\/revisions\/610"}],"wp:featuredmedia":[{"embeddable":true,"href":"https:\/\/knneuro.fuw.edu.pl\/index.php\/wp-json\/wp\/v2\/media\/611"}],"wp:attachment":[{"href":"https:\/\/knneuro.fuw.edu.pl\/index.php\/wp-json\/wp\/v2\/media?parent=601"}],"wp:term":[{"taxonomy":"category","embeddable":true,"href":"https:\/\/knneuro.fuw.edu.pl\/index.php\/wp-json\/wp\/v2\/categories?post=601"},{"taxonomy":"post_tag","embeddable":true,"href":"https:\/\/knneuro.fuw.edu.pl\/index.php\/wp-json\/wp\/v2\/tags?post=601"}],"curies":[{"name":"wp","href":"https:\/\/api.w.org\/{rel}","templated":true}]}}