{"id":718,"date":"2025-05-09T13:08:37","date_gmt":"2025-05-09T11:08:37","guid":{"rendered":"https:\/\/knneuro.fuw.edu.pl\/?p=718"},"modified":"2025-06-03T14:47:09","modified_gmt":"2025-06-03T12:47:09","slug":"badanie-plastycznosci-mozgu-zwiazanej-z-nauka-czytania-wyklad-otwarty","status":"publish","type":"post","link":"https:\/\/knneuro.fuw.edu.pl\/index.php\/2025\/05\/badanie-plastycznosci-mozgu-zwiazanej-z-nauka-czytania-wyklad-otwarty\/","title":{"rendered":"<strong> Badanie plastyczno\u015bci m\u00f3zgu zwi\u0105zanej z nauk\u0105 czytania &#8211; wyk\u0142ad otwarty <\/strong>"},"content":{"rendered":"\n<p>Najbli\u017cszy wyk\u0142ad z cyklu wyk\u0142ad\u00f3w otwartych b\u0119dzie \u015bwietn\u0105 okazj\u0105 na zg\u0142\u0119bienie tajnik\u00f3w neuronalnego pod\u0142o\u017ca procesu czytania. Wyg\u0142osi go specjalistka w dziedzinie neurobiologii proces\u00f3w j\u0119zykowych:<strong> <mark style=\"background-color:rgba(0, 0, 0, 0)\" class=\"has-inline-color has-luminous-vivid-orange-color\">dr. hab. Agnieszka D\u0119bska<\/mark>.<\/strong><\/p>\n\n\n\n<p>Wyk\u0142ad odb\u0119dzie si\u0119 na <mark style=\"background-color:rgba(0, 0, 0, 0)\" class=\"has-inline-color has-luminous-vivid-orange-color\"><strong>Wydziale Fizyki<\/strong> <\/mark>Uniwersytetu Warszawskiego w sali 1.40 w czwartek <strong><mark style=\"background-color:rgba(0, 0, 0, 0)\" class=\"has-inline-color has-luminous-vivid-orange-color\">20.05<\/mark> <\/strong>o godzinie <strong><mark style=\"background-color:rgba(0, 0, 0, 0)\" class=\"has-inline-color has-luminous-vivid-orange-color\">18:00<\/mark><\/strong>.<\/p>\n\n\n\n<p>Zaproszeni s\u0105 wszyscy: zainteresowani t\u0105 tematyk\u0105, a tak\u017ce ci, kt\u00f3rzy s\u0142ysz\u0105 o niej po raz pierwszy!<\/p>\n\n\n\n<p><\/p>\n","protected":false},"excerpt":{"rendered":"<p>Najbli\u017cszy wyk\u0142ad z cyklu wyk\u0142ad\u00f3w otwartych b\u0119dzie \u015bwietn\u0105 okazj\u0105 na zg\u0142\u0119bienie tajnik\u00f3w neuronalnego pod\u0142o\u017ca procesu czytania. Wyg\u0142osi go specjalistka w dziedzinie neurobiologii proces\u00f3w j\u0119zykowych: dr. hab. Agnieszka D\u0119bska. Wyk\u0142ad odb\u0119dzie si\u0119 na Wydziale Fizyki Uniwersytetu Warszawskiego w sali 1.40 w czwartek 20.05 o godzinie 18:00. Zaproszeni s\u0105 wszyscy: zainteresowani t\u0105 tematyk\u0105, a tak\u017ce ci, kt\u00f3rzy &hellip; <\/p>\n<p class=\"link-more\"><a href=\"https:\/\/knneuro.fuw.edu.pl\/index.php\/2025\/05\/badanie-plastycznosci-mozgu-zwiazanej-z-nauka-czytania-wyklad-otwarty\/\" class=\"more-link\">Czytaj dalej<span class=\"screen-reader-text\"> \u201e<strong> Badanie plastyczno\u015bci m\u00f3zgu zwi\u0105zanej z nauk\u0105 czytania &#8211; wyk\u0142ad otwarty <\/strong>\u201d<\/span><\/a><\/p>\n","protected":false},"author":1,"featured_media":722,"comment_status":"closed","ping_status":"open","sticky":false,"template":"","format":"standard","meta":{"footnotes":""},"categories":[4],"tags":[],"class_list":["post-718","post","type-post","status-publish","format-standard","has-post-thumbnail","hentry","category-wyklad"],"_links":{"self":[{"href":"https:\/\/knneuro.fuw.edu.pl\/index.php\/wp-json\/wp\/v2\/posts\/718","targetHints":{"allow":["GET"]}}],"collection":[{"href":"https:\/\/knneuro.fuw.edu.pl\/index.php\/wp-json\/wp\/v2\/posts"}],"about":[{"href":"https:\/\/knneuro.fuw.edu.pl\/index.php\/wp-json\/wp\/v2\/types\/post"}],"author":[{"embeddable":true,"href":"https:\/\/knneuro.fuw.edu.pl\/index.php\/wp-json\/wp\/v2\/users\/1"}],"replies":[{"embeddable":true,"href":"https:\/\/knneuro.fuw.edu.pl\/index.php\/wp-json\/wp\/v2\/comments?post=718"}],"version-history":[{"count":3,"href":"https:\/\/knneuro.fuw.edu.pl\/index.php\/wp-json\/wp\/v2\/posts\/718\/revisions"}],"predecessor-version":[{"id":724,"href":"https:\/\/knneuro.fuw.edu.pl\/index.php\/wp-json\/wp\/v2\/posts\/718\/revisions\/724"}],"wp:featuredmedia":[{"embeddable":true,"href":"https:\/\/knneuro.fuw.edu.pl\/index.php\/wp-json\/wp\/v2\/media\/722"}],"wp:attachment":[{"href":"https:\/\/knneuro.fuw.edu.pl\/index.php\/wp-json\/wp\/v2\/media?parent=718"}],"wp:term":[{"taxonomy":"category","embeddable":true,"href":"https:\/\/knneuro.fuw.edu.pl\/index.php\/wp-json\/wp\/v2\/categories?post=718"},{"taxonomy":"post_tag","embeddable":true,"href":"https:\/\/knneuro.fuw.edu.pl\/index.php\/wp-json\/wp\/v2\/tags?post=718"}],"curies":[{"name":"wp","href":"https:\/\/api.w.org\/{rel}","templated":true}]}}